{"id":8102,"date":"2024-03-12T15:57:57","date_gmt":"2024-03-12T18:57:57","guid":{"rendered":"https:\/\/parqueinnovacionba.com\/?p=8102"},"modified":"2026-02-24T00:38:21","modified_gmt":"2026-02-24T03:38:21","slug":"impulsando-la-innovacion-cooperacion-argentina-alemana-en-el-pi","status":"publish","type":"post","link":"https:\/\/parqueinnovacionba.com\/en\/impulsando-la-innovacion-cooperacion-argentina-alemana-en-el-pi\/","title":{"rendered":"Boosting innovation: Argentina-German cooperation in IP"},"content":{"rendered":"<div data-elementor-type=\"wp-post\" data-elementor-id=\"8102\" class=\"elementor elementor-8102\" data-elementor-post-type=\"post\">\n\t\t\t\t<div class=\"elementor-element elementor-element-2a85b3b e-flex e-con-boxed e-con e-parent\" data-id=\"2a85b3b\" data-element_type=\"container\" data-e-type=\"container\">\n\t\t\t\t\t<div class=\"e-con-inner\">\n\t\t\t\t<div class=\"elementor-element elementor-element-9eef600 elementor-widget elementor-widget-text-editor\" data-id=\"9eef600\" data-element_type=\"widget\" data-e-type=\"widget\" data-widget_type=\"text-editor.default\">\n\t\t\t\t<div class=\"elementor-widget-container\">\n\t\t\t\t\t\t\t\t\t<p><span style=\"font-weight: var( --e-global-typography-text-font-weight ); text-align: var(--text-align); background-color: var(--ast-global-color-5); color: rgba(0, 0, 0, 0.9); font-family: -apple-system, system-ui, BlinkMacSystemFont, 'Segoe UI', Roboto, 'Helvetica Neue', 'Fira Sans', Ubuntu, Oxygen, 'Oxygen Sans', Cantarell, 'Droid Sans', 'Apple Color Emoji', 'Segoe UI Emoji', 'Segoe UI Emoji', 'Segoe UI Symbol', 'Lucida Grande', Helvetica, Arial, sans-serif; font-size: 14px;\">What a joy to share the innovative energy of the German-Argentine Startup Summit! This event, organized in collaboration with <\/span><a style=\"font-weight: var(--font-weight-bold); text-align: var(--text-align); box-sizing: inherit; margin: var(--artdeco-reset-base-margin-zero); padding: var(--artdeco-reset-base-padding-zero); font-size: 14px; vertical-align: var(--artdeco-reset-base-vertical-align-baseline); background-color: #ffffff; text-decoration: var(--artdeco-reset-link-text-decoration-none); border: var(--artdeco-reset-link-border-zero); touch-action: manipulation; position: relative; word-break: normal; overflow-wrap: normal; font-family: -apple-system, system-ui, BlinkMacSystemFont, 'Segoe UI', Roboto, 'Helvetica Neue', 'Fira Sans', Ubuntu, Oxygen, 'Oxygen Sans', Cantarell, 'Droid Sans', 'Apple Color Emoji', 'Segoe UI Emoji', 'Segoe UI Emoji', 'Segoe UI Symbol', 'Lucida Grande', Helvetica, Arial, sans-serif; line-height: inherit !important;\" href=\"https:\/\/www.linkedin.com\/company\/german-accelerator\/\" data-attribute-index=\"0\" data-entity-type=\"MINI_COMPANY\">German Accelerator<\/a><span style=\"font-weight: var( --e-global-typography-text-font-weight ); text-align: var(--text-align); background-color: var(--ast-global-color-5); color: rgba(0, 0, 0, 0.9); font-family: -apple-system, system-ui, BlinkMacSystemFont, 'Segoe UI', Roboto, 'Helvetica Neue', 'Fira Sans', Ubuntu, Oxygen, 'Oxygen Sans', Cantarell, 'Droid Sans', 'Apple Color Emoji', 'Segoe UI Emoji', 'Segoe UI Emoji', 'Segoe UI Symbol', 'Lucida Grande', Helvetica, Arial, sans-serif; font-size: 14px;\">\u00a0and funded by the German Federal Ministry for Economic Affairs and Climate Action, was a milestone in our Innovation Park.<\/span><\/p><p><br style=\"box-sizing: inherit; color: rgba(0, 0, 0, 0.9); font-family: -apple-system, system-ui, BlinkMacSystemFont, 'Segoe UI', Roboto, 'Helvetica Neue', 'Fira Sans', Ubuntu, Oxygen, 'Oxygen Sans', Cantarell, 'Droid Sans', 'Apple Color Emoji', 'Segoe UI Emoji', 'Segoe UI Emoji', 'Segoe UI Symbol', 'Lucida Grande', Helvetica, Arial, sans-serif; font-size: 14px; line-height: inherit !important;\" \/><span style=\"color: rgba(0, 0, 0, 0.9); font-family: -apple-system, system-ui, BlinkMacSystemFont, 'Segoe UI', Roboto, 'Helvetica Neue', 'Fira Sans', Ubuntu, Oxygen, 'Oxygen Sans', Cantarell, 'Droid Sans', 'Apple Color Emoji', 'Segoe UI Emoji', 'Segoe UI Emoji', 'Segoe UI Symbol', 'Lucida Grande', Helvetica, Arial, sans-serif; font-size: 14px;\">At the CDI,\u00a0<\/span><a style=\"box-sizing: inherit; margin: var(--artdeco-reset-base-margin-zero); padding: var(--artdeco-reset-base-padding-zero); font-size: 14px; vertical-align: var(--artdeco-reset-base-vertical-align-baseline); background-color: #ffffff; text-decoration: var(--artdeco-reset-link-text-decoration-none); font-weight: var(--font-weight-bold); border: var(--artdeco-reset-link-border-zero); touch-action: manipulation; position: relative; word-break: normal; overflow-wrap: normal; font-family: -apple-system, system-ui, BlinkMacSystemFont, 'Segoe UI', Roboto, 'Helvetica Neue', 'Fira Sans', Ubuntu, Oxygen, 'Oxygen Sans', Cantarell, 'Droid Sans', 'Apple Color Emoji', 'Segoe UI Emoji', 'Segoe UI Emoji', 'Segoe UI Symbol', 'Lucida Grande', Helvetica, Arial, sans-serif; line-height: inherit !important;\" href=\"https:\/\/www.linkedin.com\/in\/ACoAAAJf1H0BTAh34d1wQp-XQEcRHzjz3OKP8oc\" data-attribute-index=\"2\" data-entity-type=\"MINI_PROFILE\">Luis Maria Bullrich<\/a><span style=\"color: rgba(0, 0, 0, 0.9); font-family: -apple-system, system-ui, BlinkMacSystemFont, 'Segoe UI', Roboto, 'Helvetica Neue', 'Fira Sans', Ubuntu, Oxygen, 'Oxygen Sans', Cantarell, 'Droid Sans', 'Apple Color Emoji', 'Segoe UI Emoji', 'Segoe UI Emoji', 'Segoe UI Symbol', 'Lucida Grande', Helvetica, Arial, sans-serif; font-size: 14px;\">\u00a0and Roberto Garc\u00eda Morit\u00e1n received Diana Mondino, Minister of Foreign Affairs, accompanied by an outstanding delegation of German officials. We are grateful for the presence of Ambassador Dieter Laml\u00e9 and Stefan Drews, from the Federal Ministry of Economics and Climate Protection. We also had the participation of a jury of experts.<\/span><br style=\"box-sizing: inherit; color: rgba(0, 0, 0, 0.9); font-family: -apple-system, system-ui, BlinkMacSystemFont, 'Segoe UI', Roboto, 'Helvetica Neue', 'Fira Sans', Ubuntu, Oxygen, 'Oxygen Sans', Cantarell, 'Droid Sans', 'Apple Color Emoji', 'Segoe UI Emoji', 'Segoe UI Emoji', 'Segoe UI Symbol', 'Lucida Grande', Helvetica, Arial, sans-serif; font-size: 14px; line-height: inherit !important;\" \/><br style=\"box-sizing: inherit; color: rgba(0, 0, 0, 0.9); font-family: -apple-system, system-ui, BlinkMacSystemFont, 'Segoe UI', Roboto, 'Helvetica Neue', 'Fira Sans', Ubuntu, Oxygen, 'Oxygen Sans', Cantarell, 'Droid Sans', 'Apple Color Emoji', 'Segoe UI Emoji', 'Segoe UI Emoji', 'Segoe UI Symbol', 'Lucida Grande', Helvetica, Arial, sans-serif; font-size: 14px; line-height: inherit !important;\" \/><span style=\"color: rgba(0, 0, 0, 0.9); font-family: -apple-system, system-ui, BlinkMacSystemFont, 'Segoe UI', Roboto, 'Helvetica Neue', 'Fira Sans', Ubuntu, Oxygen, 'Oxygen Sans', Cantarell, 'Droid Sans', 'Apple Color Emoji', 'Segoe UI Emoji', 'Segoe UI Emoji', 'Segoe UI Symbol', 'Lucida Grande', Helvetica, Arial, sans-serif; font-size: 14px;\">German Accelerator, a renowned accelerator, selected the city and the Park as its base in Latam, reaffirming our commitment to entrepreneurial drive and innovation.<\/span><br style=\"box-sizing: inherit; color: rgba(0, 0, 0, 0.9); font-family: -apple-system, system-ui, BlinkMacSystemFont, 'Segoe UI', Roboto, 'Helvetica Neue', 'Fira Sans', Ubuntu, Oxygen, 'Oxygen Sans', Cantarell, 'Droid Sans', 'Apple Color Emoji', 'Segoe UI Emoji', 'Segoe UI Emoji', 'Segoe UI Symbol', 'Lucida Grande', Helvetica, Arial, sans-serif; font-size: 14px; line-height: inherit !important;\" \/><br style=\"box-sizing: inherit; color: rgba(0, 0, 0, 0.9); font-family: -apple-system, system-ui, BlinkMacSystemFont, 'Segoe UI', Roboto, 'Helvetica Neue', 'Fira Sans', Ubuntu, Oxygen, 'Oxygen Sans', Cantarell, 'Droid Sans', 'Apple Color Emoji', 'Segoe UI Emoji', 'Segoe UI Emoji', 'Segoe UI Symbol', 'Lucida Grande', Helvetica, Arial, sans-serif; font-size: 14px; line-height: inherit !important;\" \/><span style=\"color: rgba(0, 0, 0, 0.9); font-family: -apple-system, system-ui, BlinkMacSystemFont, 'Segoe UI', Roboto, 'Helvetica Neue', 'Fira Sans', Ubuntu, Oxygen, 'Oxygen Sans', Cantarell, 'Droid Sans', 'Apple Color Emoji', 'Segoe UI Emoji', 'Segoe UI Emoji', 'Segoe UI Symbol', 'Lucida Grande', Helvetica, Arial, sans-serif; font-size: 14px;\">As a scientific and technological hub, we are proud to bring together the German and Argentinean ecosystem, focusing on climate technologies. Among the participating startups, we highlight the presence of\u00a0<\/span><a style=\"box-sizing: inherit; margin: var(--artdeco-reset-base-margin-zero); padding: var(--artdeco-reset-base-padding-zero); font-size: 14px; vertical-align: var(--artdeco-reset-base-vertical-align-baseline); background-color: #ffffff; text-decoration: var(--artdeco-reset-link-text-decoration-none); font-weight: var(--font-weight-bold); border: var(--artdeco-reset-link-border-zero); touch-action: manipulation; position: relative; word-break: normal; overflow-wrap: normal; font-family: -apple-system, system-ui, BlinkMacSystemFont, 'Segoe UI', Roboto, 'Helvetica Neue', 'Fira Sans', Ubuntu, Oxygen, 'Oxygen Sans', Cantarell, 'Droid Sans', 'Apple Color Emoji', 'Segoe UI Emoji', 'Segoe UI Emoji', 'Segoe UI Symbol', 'Lucida Grande', Helvetica, Arial, sans-serif; line-height: inherit !important;\" href=\"https:\/\/www.linkedin.com\/company\/nunatak-bio\/\" data-attribute-index=\"4\" data-entity-type=\"MINI_COMPANY\">Nunatak Biotech<\/a><span style=\"color: rgba(0, 0, 0, 0.9); font-family: -apple-system, system-ui, BlinkMacSystemFont, 'Segoe UI', Roboto, 'Helvetica Neue', 'Fira Sans', Ubuntu, Oxygen, 'Oxygen Sans', Cantarell, 'Droid Sans', 'Apple Color Emoji', 'Segoe UI Emoji', 'Segoe UI Emoji', 'Segoe UI Symbol', 'Lucida Grande', Helvetica, Arial, sans-serif; font-size: 14px;\">\u00a0Einsted, both members of the +54 Lab, as well as Carbon Neutral,\u00a0<\/span><a style=\"box-sizing: inherit; margin: var(--artdeco-reset-base-margin-zero); padding: var(--artdeco-reset-base-padding-zero); font-size: 14px; vertical-align: var(--artdeco-reset-base-vertical-align-baseline); background-color: #ffffff; text-decoration: var(--artdeco-reset-link-text-decoration-none); font-weight: var(--font-weight-bold); border: var(--artdeco-reset-link-border-zero); touch-action: manipulation; position: relative; word-break: normal; overflow-wrap: normal; font-family: -apple-system, system-ui, BlinkMacSystemFont, 'Segoe UI', Roboto, 'Helvetica Neue', 'Fira Sans', Ubuntu, Oxygen, 'Oxygen Sans', Cantarell, 'Droid Sans', 'Apple Color Emoji', 'Segoe UI Emoji', 'Segoe UI Emoji', 'Segoe UI Symbol', 'Lucida Grande', Helvetica, Arial, sans-serif; line-height: inherit !important;\" href=\"https:\/\/www.linkedin.com\/company\/bioeutectics\/\" data-attribute-index=\"6\" data-entity-type=\"MINI_COMPANY\">Bioeutectics<\/a><span style=\"color: rgba(0, 0, 0, 0.9); font-family: -apple-system, system-ui, BlinkMacSystemFont, 'Segoe UI', Roboto, 'Helvetica Neue', 'Fira Sans', Ubuntu, Oxygen, 'Oxygen Sans', Cantarell, 'Droid Sans', 'Apple Color Emoji', 'Segoe UI Emoji', 'Segoe UI Emoji', 'Segoe UI Symbol', 'Lucida Grande', Helvetica, Arial, sans-serif; font-size: 14px;\">, Puma and We Circular. They competed for a week of immersion in Germany, with mentoring and access to international networks.<\/span><br style=\"box-sizing: inherit; color: rgba(0, 0, 0, 0.9); font-family: -apple-system, system-ui, BlinkMacSystemFont, 'Segoe UI', Roboto, 'Helvetica Neue', 'Fira Sans', Ubuntu, Oxygen, 'Oxygen Sans', Cantarell, 'Droid Sans', 'Apple Color Emoji', 'Segoe UI Emoji', 'Segoe UI Emoji', 'Segoe UI Symbol', 'Lucida Grande', Helvetica, Arial, sans-serif; font-size: 14px; line-height: inherit !important;\" \/><br style=\"box-sizing: inherit; color: rgba(0, 0, 0, 0.9); font-family: -apple-system, system-ui, BlinkMacSystemFont, 'Segoe UI', Roboto, 'Helvetica Neue', 'Fira Sans', Ubuntu, Oxygen, 'Oxygen Sans', Cantarell, 'Droid Sans', 'Apple Color Emoji', 'Segoe UI Emoji', 'Segoe UI Emoji', 'Segoe UI Symbol', 'Lucida Grande', Helvetica, Arial, sans-serif; font-size: 14px; line-height: inherit !important;\" \/><span style=\"color: rgba(0, 0, 0, 0.9); font-family: -apple-system, system-ui, BlinkMacSystemFont, 'Segoe UI', Roboto, 'Helvetica Neue', 'Fira Sans', Ubuntu, Oxygen, 'Oxygen Sans', Cantarell, 'Droid Sans', 'Apple Color Emoji', 'Segoe UI Emoji', 'Segoe UI Emoji', 'Segoe UI Symbol', 'Lucida Grande', Helvetica, Arial, sans-serif; font-size: 14px;\">We would like to congratulate all the startups for reaching this stage, showing great potential! And especially to the winners:\u00a0<\/span><a style=\"box-sizing: inherit; margin: var(--artdeco-reset-base-margin-zero); padding: var(--artdeco-reset-base-padding-zero); font-size: 14px; vertical-align: var(--artdeco-reset-base-vertical-align-baseline); background-color: #ffffff; text-decoration: var(--artdeco-reset-link-text-decoration-none); font-weight: var(--font-weight-bold); border: var(--artdeco-reset-link-border-zero); touch-action: manipulation; position: relative; word-break: normal; overflow-wrap: normal; font-family: -apple-system, system-ui, BlinkMacSystemFont, 'Segoe UI', Roboto, 'Helvetica Neue', 'Fira Sans', Ubuntu, Oxygen, 'Oxygen Sans', Cantarell, 'Droid Sans', 'Apple Color Emoji', 'Segoe UI Emoji', 'Segoe UI Emoji', 'Segoe UI Symbol', 'Lucida Grande', Helvetica, Arial, sans-serif; line-height: inherit !important;\" href=\"https:\/\/www.linkedin.com\/company\/einsted\/\" data-attribute-index=\"8\" data-entity-type=\"MINI_COMPANY\">Einsted.bio<\/a><span style=\"color: rgba(0, 0, 0, 0.9); font-family: -apple-system, system-ui, BlinkMacSystemFont, 'Segoe UI', Roboto, 'Helvetica Neue', 'Fira Sans', Ubuntu, Oxygen, 'Oxygen Sans', Cantarell, 'Droid Sans', 'Apple Color Emoji', 'Segoe UI Emoji', 'Segoe UI Emoji', 'Segoe UI Symbol', 'Lucida Grande', Helvetica, Arial, sans-serif; font-size: 14px;\">, Puma and Bioeutectics.<\/span><\/p>\t\t\t\t\t\t\t\t<\/div>\n\t\t\t\t<\/div>\n\t\t\t\t<div class=\"elementor-element elementor-element-1b73f57 elementor-widget elementor-widget-video\" data-id=\"1b73f57\" data-element_type=\"widget\" data-e-type=\"widget\" data-settings=\"{&quot;video_type&quot;:&quot;hosted&quot;,&quot;controls&quot;:&quot;yes&quot;}\" data-widget_type=\"video.default\">\n\t\t\t\t<div class=\"elementor-widget-container\">\n\t\t\t\t\t\t\t<div class=\"e-hosted-video elementor-wrapper elementor-open-inline\">\n\t\t\t\t\t<video class=\"elementor-video\" src=\"https:\/\/parqueinnovacionba.com\/wp-content\/uploads\/2024\/03\/WhatsApp-Video-2024-03-12-at-16.03.36.mp4\" controls=\"\" preload=\"metadata\" controlslist=\"nodownload\"><\/video>\n\t\t\t\t<\/div>\n\t\t\t\t\t\t<\/div>\n\t\t\t\t<\/div>\n\t\t\t\t\t<\/div>\n\t\t\t\t<\/div>\n\t\t\t\t<\/div>","protected":false},"excerpt":{"rendered":"<p>\u00a1Qu\u00e9 alegr\u00eda compartir la energ\u00eda innovadora de la Cumbre de startups argentino-alemana! Este evento, organizado en colaboraci\u00f3n con German Accelerator\u00a0y financiado por el Ministerio Federal Alem\u00e1n de Asuntos Econ\u00f3micos y Acci\u00f3n Clim\u00e1tica, fue un hito en nuestro Parque de Innovaci\u00f3n. En el CDI,\u00a0Luis Maria Bullrich\u00a0y Roberto Garc\u00eda Morit\u00e1n recibieron a Diana Mondino, Ministra de Relaciones [&hellip;]<\/p>\n","protected":false},"author":4,"featured_media":8112,"comment_status":"open","ping_status":"open","sticky":false,"template":"","format":"standard","meta":{"_acf_changed":false,"inline_featured_image":false,"site-sidebar-layout":"default","site-content-layout":"","ast-site-content-layout":"default","site-content-style":"default","site-sidebar-style":"default","ast-global-header-display":"","ast-banner-title-visibility":"","ast-main-header-display":"","ast-hfb-above-header-display":"","ast-hfb-below-header-display":"","ast-hfb-mobile-header-display":"","site-post-title":"","ast-breadcrumbs-content":"","ast-featured-img":"","footer-sml-layout":"","ast-disable-related-posts":"","theme-transparent-header-meta":"","adv-header-id-meta":"","stick-header-meta":"","header-above-stick-meta":"","header-main-stick-meta":"","header-below-stick-meta":"","astra-migrate-meta-layouts":"set","ast-page-background-enabled":"default","ast-page-background-meta":{"desktop":{"background-color":"var(--ast-global-color-4)","background-image":"","background-repeat":"repeat","background-position":"center center","background-size":"auto","background-attachment":"scroll","background-type":"","background-media":"","overlay-type":"","overlay-color":"","overlay-opacity":"","overlay-gradient":""},"tablet":{"background-color":"","background-image":"","background-repeat":"repeat","background-position":"center center","background-size":"auto","background-attachment":"scroll","background-type":"","background-media":"","overlay-type":"","overlay-color":"","overlay-opacity":"","overlay-gradient":""},"mobile":{"background-color":"","background-image":"","background-repeat":"repeat","background-position":"center center","background-size":"auto","background-attachment":"scroll","background-type":"","background-media":"","overlay-type":"","overlay-color":"","overlay-opacity":"","overlay-gradient":""}},"ast-content-background-meta":{"desktop":{"background-color":"var(--ast-global-color-5)","background-image":"","background-repeat":"repeat","background-position":"center center","background-size":"auto","background-attachment":"scroll","background-type":"","background-media":"","overlay-type":"","overlay-color":"","overlay-opacity":"","overlay-gradient":""},"tablet":{"background-color":"var(--ast-global-color-5)","background-image":"","background-repeat":"repeat","background-position":"center center","background-size":"auto","background-attachment":"scroll","background-type":"","background-media":"","overlay-type":"","overlay-color":"","overlay-opacity":"","overlay-gradient":""},"mobile":{"background-color":"var(--ast-global-color-5)","background-image":"","background-repeat":"repeat","background-position":"center center","background-size":"auto","background-attachment":"scroll","background-type":"","background-media":"","overlay-type":"","overlay-color":"","overlay-opacity":"","overlay-gradient":""}},"footnotes":""},"categories":[1],"tags":[],"class_list":["post-8102","post","type-post","status-publish","format-standard","has-post-thumbnail","hentry","category-blog"],"acf":[],"yoast_head":"<!-- This site is optimized with the Yoast SEO plugin v27.5 - https:\/\/yoast.com\/product\/yoast-seo-wordpress\/ -->\n<title>Impulsando la innovaci\u00f3n: Cooperaci\u00f3n Argentina-Alemana en el PI - Parque de Innovacion<\/title>\n<meta name=\"robots\" content=\"index, follow, max-snippet:-1, max-image-preview:large, max-video-preview:-1\" \/>\n<link rel=\"canonical\" href=\"https:\/\/parqueinnovacionba.com\/en\/impulsando-la-innovacion-cooperacion-argentina-alemana-en-el-pi\/\" \/>\n<meta property=\"og:locale\" content=\"en_US\" \/>\n<meta property=\"og:type\" content=\"article\" \/>\n<meta property=\"og:title\" content=\"Impulsando la innovaci\u00f3n: Cooperaci\u00f3n Argentina-Alemana en el PI - Parque de Innovacion\" \/>\n<meta property=\"og:description\" content=\"\u00a1Qu\u00e9 alegr\u00eda compartir la energ\u00eda innovadora de la Cumbre de startups argentino-alemana! Este evento, organizado en colaboraci\u00f3n con German Accelerator\u00a0y financiado por el Ministerio Federal Alem\u00e1n de Asuntos Econ\u00f3micos y Acci\u00f3n Clim\u00e1tica, fue un hito en nuestro Parque de Innovaci\u00f3n. En el CDI,\u00a0Luis Maria Bullrich\u00a0y Roberto Garc\u00eda Morit\u00e1n recibieron a Diana Mondino, Ministra de Relaciones [&hellip;]\" \/>\n<meta property=\"og:url\" content=\"https:\/\/parqueinnovacionba.com\/en\/impulsando-la-innovacion-cooperacion-argentina-alemana-en-el-pi\/\" \/>\n<meta property=\"og:site_name\" content=\"Parque de Innovacion\" \/>\n<meta property=\"article:published_time\" content=\"2024-03-12T18:57:57+00:00\" \/>\n<meta property=\"article:modified_time\" content=\"2026-02-24T03:38:21+00:00\" \/>\n<meta property=\"og:image\" content=\"https:\/\/parqueinnovacionba.com\/wp-content\/uploads\/2024\/03\/Foto-2024-03-07-06.46.25-p.-m-scaled.jpg\" \/>\n\t<meta property=\"og:image:width\" content=\"2560\" \/>\n\t<meta property=\"og:image:height\" content=\"1707\" \/>\n\t<meta property=\"og:image:type\" content=\"image\/jpeg\" \/>\n<meta name=\"author\" content=\"dario.sorasio@gmail.com\" \/>\n<meta name=\"twitter:card\" content=\"summary_large_image\" \/>\n<meta name=\"twitter:label1\" content=\"Written by\" \/>\n\t<meta name=\"twitter:data1\" content=\"dario.sorasio@gmail.com\" \/>\n\t<meta name=\"twitter:label2\" content=\"Est. reading time\" \/>\n\t<meta name=\"twitter:data2\" content=\"2 minutes\" \/>\n<script type=\"application\/ld+json\" class=\"yoast-schema-graph\">{\"@context\":\"https:\\\/\\\/schema.org\",\"@graph\":[{\"@type\":\"Article\",\"@id\":\"https:\\\/\\\/parqueinnovacionba.com\\\/impulsando-la-innovacion-cooperacion-argentina-alemana-en-el-pi\\\/#article\",\"isPartOf\":{\"@id\":\"https:\\\/\\\/parqueinnovacionba.com\\\/impulsando-la-innovacion-cooperacion-argentina-alemana-en-el-pi\\\/\"},\"author\":{\"name\":\"dario.sorasio@gmail.com\",\"@id\":\"https:\\\/\\\/parqueinnovacionba.com\\\/#\\\/schema\\\/person\\\/7158fced010d714b22a8d631f2cf8982\"},\"headline\":\"Impulsando la innovaci\u00f3n: Cooperaci\u00f3n Argentina-Alemana en el PI\",\"datePublished\":\"2024-03-12T18:57:57+00:00\",\"dateModified\":\"2026-02-24T03:38:21+00:00\",\"mainEntityOfPage\":{\"@id\":\"https:\\\/\\\/parqueinnovacionba.com\\\/impulsando-la-innovacion-cooperacion-argentina-alemana-en-el-pi\\\/\"},\"wordCount\":256,\"commentCount\":0,\"publisher\":{\"@id\":\"https:\\\/\\\/parqueinnovacionba.com\\\/#organization\"},\"image\":{\"@id\":\"https:\\\/\\\/parqueinnovacionba.com\\\/impulsando-la-innovacion-cooperacion-argentina-alemana-en-el-pi\\\/#primaryimage\"},\"thumbnailUrl\":\"https:\\\/\\\/parqueinnovacionba.com\\\/wp-content\\\/uploads\\\/2024\\\/03\\\/Foto-2024-03-07-06.46.25-p.-m-scaled.jpg\",\"articleSection\":[\"Blog\"],\"inLanguage\":\"en-US\",\"potentialAction\":[{\"@type\":\"CommentAction\",\"name\":\"Comment\",\"target\":[\"https:\\\/\\\/parqueinnovacionba.com\\\/impulsando-la-innovacion-cooperacion-argentina-alemana-en-el-pi\\\/#respond\"]}]},{\"@type\":\"WebPage\",\"@id\":\"https:\\\/\\\/parqueinnovacionba.com\\\/impulsando-la-innovacion-cooperacion-argentina-alemana-en-el-pi\\\/\",\"url\":\"https:\\\/\\\/parqueinnovacionba.com\\\/impulsando-la-innovacion-cooperacion-argentina-alemana-en-el-pi\\\/\",\"name\":\"Impulsando la innovaci\u00f3n: Cooperaci\u00f3n Argentina-Alemana en el PI - Parque de Innovacion\",\"isPartOf\":{\"@id\":\"https:\\\/\\\/parqueinnovacionba.com\\\/#website\"},\"primaryImageOfPage\":{\"@id\":\"https:\\\/\\\/parqueinnovacionba.com\\\/impulsando-la-innovacion-cooperacion-argentina-alemana-en-el-pi\\\/#primaryimage\"},\"image\":{\"@id\":\"https:\\\/\\\/parqueinnovacionba.com\\\/impulsando-la-innovacion-cooperacion-argentina-alemana-en-el-pi\\\/#primaryimage\"},\"thumbnailUrl\":\"https:\\\/\\\/parqueinnovacionba.com\\\/wp-content\\\/uploads\\\/2024\\\/03\\\/Foto-2024-03-07-06.46.25-p.-m-scaled.jpg\",\"datePublished\":\"2024-03-12T18:57:57+00:00\",\"dateModified\":\"2026-02-24T03:38:21+00:00\",\"breadcrumb\":{\"@id\":\"https:\\\/\\\/parqueinnovacionba.com\\\/impulsando-la-innovacion-cooperacion-argentina-alemana-en-el-pi\\\/#breadcrumb\"},\"inLanguage\":\"en-US\",\"potentialAction\":[{\"@type\":\"ReadAction\",\"target\":[\"https:\\\/\\\/parqueinnovacionba.com\\\/impulsando-la-innovacion-cooperacion-argentina-alemana-en-el-pi\\\/\"]}]},{\"@type\":\"ImageObject\",\"inLanguage\":\"en-US\",\"@id\":\"https:\\\/\\\/parqueinnovacionba.com\\\/impulsando-la-innovacion-cooperacion-argentina-alemana-en-el-pi\\\/#primaryimage\",\"url\":\"https:\\\/\\\/parqueinnovacionba.com\\\/wp-content\\\/uploads\\\/2024\\\/03\\\/Foto-2024-03-07-06.46.25-p.-m-scaled.jpg\",\"contentUrl\":\"https:\\\/\\\/parqueinnovacionba.com\\\/wp-content\\\/uploads\\\/2024\\\/03\\\/Foto-2024-03-07-06.46.25-p.-m-scaled.jpg\",\"width\":2560,\"height\":1707},{\"@type\":\"BreadcrumbList\",\"@id\":\"https:\\\/\\\/parqueinnovacionba.com\\\/impulsando-la-innovacion-cooperacion-argentina-alemana-en-el-pi\\\/#breadcrumb\",\"itemListElement\":[{\"@type\":\"ListItem\",\"position\":1,\"name\":\"Home\",\"item\":\"https:\\\/\\\/parqueinnovacionba.com\\\/\"},{\"@type\":\"ListItem\",\"position\":2,\"name\":\"Impulsando la innovaci\u00f3n: Cooperaci\u00f3n Argentina-Alemana en el PI\"}]},{\"@type\":\"WebSite\",\"@id\":\"https:\\\/\\\/parqueinnovacionba.com\\\/#website\",\"url\":\"https:\\\/\\\/parqueinnovacionba.com\\\/\",\"name\":\"Parque de Innovacion\",\"description\":\"\",\"publisher\":{\"@id\":\"https:\\\/\\\/parqueinnovacionba.com\\\/#organization\"},\"potentialAction\":[{\"@type\":\"SearchAction\",\"target\":{\"@type\":\"EntryPoint\",\"urlTemplate\":\"https:\\\/\\\/parqueinnovacionba.com\\\/?s={search_term_string}\"},\"query-input\":{\"@type\":\"PropertyValueSpecification\",\"valueRequired\":true,\"valueName\":\"search_term_string\"}}],\"inLanguage\":\"en-US\"},{\"@type\":\"Organization\",\"@id\":\"https:\\\/\\\/parqueinnovacionba.com\\\/#organization\",\"name\":\"Parque de Innovacion\",\"url\":\"https:\\\/\\\/parqueinnovacionba.com\\\/\",\"logo\":{\"@type\":\"ImageObject\",\"inLanguage\":\"en-US\",\"@id\":\"https:\\\/\\\/parqueinnovacionba.com\\\/#\\\/schema\\\/logo\\\/image\\\/\",\"url\":\"https:\\\/\\\/parqueinnovacionba.com\\\/wp-content\\\/uploads\\\/2024\\\/08\\\/logo-pi.svg\",\"contentUrl\":\"https:\\\/\\\/parqueinnovacionba.com\\\/wp-content\\\/uploads\\\/2024\\\/08\\\/logo-pi.svg\",\"width\":141,\"height\":85,\"caption\":\"Parque de Innovacion\"},\"image\":{\"@id\":\"https:\\\/\\\/parqueinnovacionba.com\\\/#\\\/schema\\\/logo\\\/image\\\/\"}},{\"@type\":\"Person\",\"@id\":\"https:\\\/\\\/parqueinnovacionba.com\\\/#\\\/schema\\\/person\\\/7158fced010d714b22a8d631f2cf8982\",\"name\":\"dario.sorasio@gmail.com\",\"url\":\"https:\\\/\\\/parqueinnovacionba.com\\\/en\\\/author\\\/dario-sorasiogmail-com\\\/\"}]}<\/script>\n<!-- \/ Yoast SEO plugin. -->","yoast_head_json":{"title":"Impulsando la innovaci\u00f3n: Cooperaci\u00f3n Argentina-Alemana en el PI - Parque de Innovacion","robots":{"index":"index","follow":"follow","max-snippet":"max-snippet:-1","max-image-preview":"max-image-preview:large","max-video-preview":"max-video-preview:-1"},"canonical":"https:\/\/parqueinnovacionba.com\/en\/impulsando-la-innovacion-cooperacion-argentina-alemana-en-el-pi\/","og_locale":"en_US","og_type":"article","og_title":"Impulsando la innovaci\u00f3n: Cooperaci\u00f3n Argentina-Alemana en el PI - Parque de Innovacion","og_description":"\u00a1Qu\u00e9 alegr\u00eda compartir la energ\u00eda innovadora de la Cumbre de startups argentino-alemana! Este evento, organizado en colaboraci\u00f3n con German Accelerator\u00a0y financiado por el Ministerio Federal Alem\u00e1n de Asuntos Econ\u00f3micos y Acci\u00f3n Clim\u00e1tica, fue un hito en nuestro Parque de Innovaci\u00f3n. En el CDI,\u00a0Luis Maria Bullrich\u00a0y Roberto Garc\u00eda Morit\u00e1n recibieron a Diana Mondino, Ministra de Relaciones [&hellip;]","og_url":"https:\/\/parqueinnovacionba.com\/en\/impulsando-la-innovacion-cooperacion-argentina-alemana-en-el-pi\/","og_site_name":"Parque de Innovacion","article_published_time":"2024-03-12T18:57:57+00:00","article_modified_time":"2026-02-24T03:38:21+00:00","og_image":[{"width":2560,"height":1707,"url":"https:\/\/parqueinnovacionba.com\/wp-content\/uploads\/2024\/03\/Foto-2024-03-07-06.46.25-p.-m-scaled.jpg","type":"image\/jpeg"}],"author":"dario.sorasio@gmail.com","twitter_card":"summary_large_image","twitter_misc":{"Written by":"dario.sorasio@gmail.com","Est. reading time":"2 minutes"},"schema":{"@context":"https:\/\/schema.org","@graph":[{"@type":"Article","@id":"https:\/\/parqueinnovacionba.com\/impulsando-la-innovacion-cooperacion-argentina-alemana-en-el-pi\/#article","isPartOf":{"@id":"https:\/\/parqueinnovacionba.com\/impulsando-la-innovacion-cooperacion-argentina-alemana-en-el-pi\/"},"author":{"name":"dario.sorasio@gmail.com","@id":"https:\/\/parqueinnovacionba.com\/#\/schema\/person\/7158fced010d714b22a8d631f2cf8982"},"headline":"Impulsando la innovaci\u00f3n: Cooperaci\u00f3n Argentina-Alemana en el PI","datePublished":"2024-03-12T18:57:57+00:00","dateModified":"2026-02-24T03:38:21+00:00","mainEntityOfPage":{"@id":"https:\/\/parqueinnovacionba.com\/impulsando-la-innovacion-cooperacion-argentina-alemana-en-el-pi\/"},"wordCount":256,"commentCount":0,"publisher":{"@id":"https:\/\/parqueinnovacionba.com\/#organization"},"image":{"@id":"https:\/\/parqueinnovacionba.com\/impulsando-la-innovacion-cooperacion-argentina-alemana-en-el-pi\/#primaryimage"},"thumbnailUrl":"https:\/\/parqueinnovacionba.com\/wp-content\/uploads\/2024\/03\/Foto-2024-03-07-06.46.25-p.-m-scaled.jpg","articleSection":["Blog"],"inLanguage":"en-US","potentialAction":[{"@type":"CommentAction","name":"Comment","target":["https:\/\/parqueinnovacionba.com\/impulsando-la-innovacion-cooperacion-argentina-alemana-en-el-pi\/#respond"]}]},{"@type":"WebPage","@id":"https:\/\/parqueinnovacionba.com\/impulsando-la-innovacion-cooperacion-argentina-alemana-en-el-pi\/","url":"https:\/\/parqueinnovacionba.com\/impulsando-la-innovacion-cooperacion-argentina-alemana-en-el-pi\/","name":"Impulsando la innovaci\u00f3n: Cooperaci\u00f3n Argentina-Alemana en el PI - Parque de Innovacion","isPartOf":{"@id":"https:\/\/parqueinnovacionba.com\/#website"},"primaryImageOfPage":{"@id":"https:\/\/parqueinnovacionba.com\/impulsando-la-innovacion-cooperacion-argentina-alemana-en-el-pi\/#primaryimage"},"image":{"@id":"https:\/\/parqueinnovacionba.com\/impulsando-la-innovacion-cooperacion-argentina-alemana-en-el-pi\/#primaryimage"},"thumbnailUrl":"https:\/\/parqueinnovacionba.com\/wp-content\/uploads\/2024\/03\/Foto-2024-03-07-06.46.25-p.-m-scaled.jpg","datePublished":"2024-03-12T18:57:57+00:00","dateModified":"2026-02-24T03:38:21+00:00","breadcrumb":{"@id":"https:\/\/parqueinnovacionba.com\/impulsando-la-innovacion-cooperacion-argentina-alemana-en-el-pi\/#breadcrumb"},"inLanguage":"en-US","potentialAction":[{"@type":"ReadAction","target":["https:\/\/parqueinnovacionba.com\/impulsando-la-innovacion-cooperacion-argentina-alemana-en-el-pi\/"]}]},{"@type":"ImageObject","inLanguage":"en-US","@id":"https:\/\/parqueinnovacionba.com\/impulsando-la-innovacion-cooperacion-argentina-alemana-en-el-pi\/#primaryimage","url":"https:\/\/parqueinnovacionba.com\/wp-content\/uploads\/2024\/03\/Foto-2024-03-07-06.46.25-p.-m-scaled.jpg","contentUrl":"https:\/\/parqueinnovacionba.com\/wp-content\/uploads\/2024\/03\/Foto-2024-03-07-06.46.25-p.-m-scaled.jpg","width":2560,"height":1707},{"@type":"BreadcrumbList","@id":"https:\/\/parqueinnovacionba.com\/impulsando-la-innovacion-cooperacion-argentina-alemana-en-el-pi\/#breadcrumb","itemListElement":[{"@type":"ListItem","position":1,"name":"Home","item":"https:\/\/parqueinnovacionba.com\/"},{"@type":"ListItem","position":2,"name":"Impulsando la innovaci\u00f3n: Cooperaci\u00f3n Argentina-Alemana en el PI"}]},{"@type":"WebSite","@id":"https:\/\/parqueinnovacionba.com\/#website","url":"https:\/\/parqueinnovacionba.com\/","name":"Parque de Innovacion","description":"","publisher":{"@id":"https:\/\/parqueinnovacionba.com\/#organization"},"potentialAction":[{"@type":"SearchAction","target":{"@type":"EntryPoint","urlTemplate":"https:\/\/parqueinnovacionba.com\/?s={search_term_string}"},"query-input":{"@type":"PropertyValueSpecification","valueRequired":true,"valueName":"search_term_string"}}],"inLanguage":"en-US"},{"@type":"Organization","@id":"https:\/\/parqueinnovacionba.com\/#organization","name":"Parque de Innovacion","url":"https:\/\/parqueinnovacionba.com\/","logo":{"@type":"ImageObject","inLanguage":"en-US","@id":"https:\/\/parqueinnovacionba.com\/#\/schema\/logo\/image\/","url":"https:\/\/parqueinnovacionba.com\/wp-content\/uploads\/2024\/08\/logo-pi.svg","contentUrl":"https:\/\/parqueinnovacionba.com\/wp-content\/uploads\/2024\/08\/logo-pi.svg","width":141,"height":85,"caption":"Parque de Innovacion"},"image":{"@id":"https:\/\/parqueinnovacionba.com\/#\/schema\/logo\/image\/"}},{"@type":"Person","@id":"https:\/\/parqueinnovacionba.com\/#\/schema\/person\/7158fced010d714b22a8d631f2cf8982","name":"dario.sorasio@gmail.com","url":"https:\/\/parqueinnovacionba.com\/en\/author\/dario-sorasiogmail-com\/"}]}},"_links":{"self":[{"href":"https:\/\/parqueinnovacionba.com\/en\/wp-json\/wp\/v2\/posts\/8102","targetHints":{"allow":["GET"]}}],"collection":[{"href":"https:\/\/parqueinnovacionba.com\/en\/wp-json\/wp\/v2\/posts"}],"about":[{"href":"https:\/\/parqueinnovacionba.com\/en\/wp-json\/wp\/v2\/types\/post"}],"author":[{"embeddable":true,"href":"https:\/\/parqueinnovacionba.com\/en\/wp-json\/wp\/v2\/users\/4"}],"replies":[{"embeddable":true,"href":"https:\/\/parqueinnovacionba.com\/en\/wp-json\/wp\/v2\/comments?post=8102"}],"version-history":[{"count":12,"href":"https:\/\/parqueinnovacionba.com\/en\/wp-json\/wp\/v2\/posts\/8102\/revisions"}],"predecessor-version":[{"id":12517,"href":"https:\/\/parqueinnovacionba.com\/en\/wp-json\/wp\/v2\/posts\/8102\/revisions\/12517"}],"wp:featuredmedia":[{"embeddable":true,"href":"https:\/\/parqueinnovacionba.com\/en\/wp-json\/wp\/v2\/media\/8112"}],"wp:attachment":[{"href":"https:\/\/parqueinnovacionba.com\/en\/wp-json\/wp\/v2\/media?parent=8102"}],"wp:term":[{"taxonomy":"category","embeddable":true,"href":"https:\/\/parqueinnovacionba.com\/en\/wp-json\/wp\/v2\/categories?post=8102"},{"taxonomy":"post_tag","embeddable":true,"href":"https:\/\/parqueinnovacionba.com\/en\/wp-json\/wp\/v2\/tags?post=8102"}],"curies":[{"name":"wp","href":"https:\/\/api.w.org\/{rel}","templated":true}]}}