{"id":14521,"date":"2026-08-31T09:43:30","date_gmt":"2026-08-31T12:43:30","guid":{"rendered":"https:\/\/parqueinnovacionba.com\/?p=14521"},"modified":"2026-08-31T14:43:48","modified_gmt":"2026-08-31T17:43:48","slug":"mois-navon-llega-pi","status":"publish","type":"post","link":"https:\/\/parqueinnovacionba.com\/en\/mois-navon-llega-pi\/","title":{"rendered":"Mois Navon llega al Parque de Innovaci\u00f3n para disertar sobre autos aut\u00f3nomos, inteligencia artificial y \u00e9tica tecnol\u00f3gica."},"content":{"rendered":"\t\t<div data-elementor-type=\"wp-post\" data-elementor-id=\"14521\" class=\"elementor elementor-14521\" data-elementor-post-type=\"post\">\n\t\t\t\t<div class=\"elementor-element elementor-element-0bffe2f e-con e-atomic-element e-flexbox-base \" data-id=\"0bffe2f\" data-element_type=\"e-flexbox\" data-e-type=\"e-flexbox\" data-interaction-id=\"0bffe2f\">\n    \t\t\t<p class=\"e-paragraph-base\" data-interaction-id=\"f53eb1a\">El Parque de Innovaci\u00f3n de la Ciudad de Buenos Aires ser\u00e1 escenario de la conferencia magistral de Mois Navon, referente internacional en innovaci\u00f3n disruptiva y una de las mentes clave detr\u00e1s del desarrollo del \"cerebro\" de los veh\u00edculos aut\u00f3nomos en Mobileye.<br><br>El encuentro se llevar\u00e1 a cabo el jueves 3 de septiembre en la sede del Parque (Campos Salles 1300). La jornada ofrecer\u00e1 un espacio de networking de alto nivel y una reflexi\u00f3n profunda sobre el futuro de la movilidad, los algoritmos y los l\u00edmites \u00e9ticos del avance tecnol\u00f3gico.  <\/p>\n\t\t\n<\/div>\n<div class=\"elementor-element elementor-element-050217b e-con e-atomic-element e-flexbox-base \" data-id=\"050217b\" data-element_type=\"e-flexbox\" data-e-type=\"e-flexbox\" data-interaction-id=\"050217b\">\n    \t\t<div class=\"elementor-element elementor-element-dee6b82 elementor-widget elementor-widget-html\" data-id=\"dee6b82\" data-element_type=\"widget\" data-e-type=\"widget\" data-widget_type=\"html.default\">\n\t\t\t\t<div class=\"elementor-widget-container\">\n\t\t\t\t\t<!DOCTYPE html>\r\n<html lang=\"es\">\r\n<head>\r\n  <meta charset=\"UTF-8\">\r\n  <meta name=\"viewport\" content=\"width=device-width, initial-scale=1.0\">\r\n  <title>Cronograma del Evento | Parque de Innovaci\u00f3n<\/title>\r\n  <!-- Google Fonts: Quicksand & Work Sans -->\r\n  <link rel=\"preconnect\" href=\"https:\/\/fonts.googleapis.com\">\r\n  <link rel=\"preconnect\" href=\"https:\/\/fonts.gstatic.com\" crossorigin>\r\n  <link href=\"https:\/\/fonts.googleapis.com\/css2?family=Quicksand:wght@600;700&family=Work+Sans:wght@300;400;500;600;700&display=swap\" rel=\"stylesheet\">\r\n  <!-- FontAwesome -->\r\n  <link rel=\"stylesheet\" href=\"https:\/\/cdnjs.cloudflare.com\/ajax\/libs\/font-awesome\/6.5.1\/css\/all.min.css\">\r\n  <!-- Tailwind CSS CDN -->\r\n  <script src=\"https:\/\/cdn.tailwindcss.com\"><\/script>\r\n  <script>\r\n    tailwind.config = {\r\n      theme: {\r\n        extend: {\r\n          colors: {\r\n            pi: {\r\n              black: '#0F1819',\r\n              blue: '#1300D8',\r\n              cyan: '#75A9DB',\r\n              lightCyan: '#6EC1E4',\r\n              bgLight: '#F8FAFC',\r\n              border: '#E2E8F0',\r\n              textMuted: '#64748B',\r\n              textDark: '#0F1819'\r\n            }\r\n          },\r\n          fontFamily: {\r\n            sans: ['\"Work Sans\"', 'sans-serif'],\r\n            heading: ['\"Quicksand\"', 'sans-serif'],\r\n          }\r\n        }\r\n      }\r\n    }\r\n  <\/script>\r\n  <style>\r\n    body {\r\n      background-color: #FFFFFF;\r\n      font-family: 'Work Sans', sans-serif;\r\n      color: #0F1819;\r\n    }\r\n    .font-rounded {\r\n      font-family: 'Quicksand', sans-serif;\r\n    }\r\n    .clean-card {\r\n      background: #FFFFFF;\r\n      border: 1px solid #E2E8F0;\r\n      transition: all 0.25s ease-in-out;\r\n    }\r\n    .clean-card:hover {\r\n      border-color: #75A9DB;\r\n      box-shadow: 0 10px 25px -5px rgba(19, 0, 216, 0.08);\r\n      transform: translateY(-2px);\r\n    }\r\n    .timeline-track {\r\n      background: linear-gradient(180deg, #1300D8 0%, #75A9DB 60%, #E2E8F0 100%);\r\n    }\r\n  <\/style>\r\n<\/head>\r\n<body class=\"bg-white min-h-screen py-10 px-4 sm:px-6 lg:px-8 flex items-center justify-center\">\r\n\r\n  <!-- Contenedor Principal -->\r\n  <div class=\"w-full max-w-4xl mx-auto\">\r\n\r\n    <!-- Header Limpio e Institucional -->\r\n    <header class=\"mb-10 text-center space-y-3\">\r\n      <div class=\"inline-flex items-center gap-2 px-3.5 py-1 rounded-full bg-[#1300D8]\/10 text-[#1300D8] text-xs font-semibold uppercase tracking-wider font-rounded\">\r\n        <span class=\"w-2 h-2 rounded-full bg-[#1300D8]\"><\/span>\r\n        Agenda Oficial\r\n      <\/div>\r\n      \r\n      <h1 class=\"text-3xl sm:text-4xl font-bold font-rounded text-[#0F1819] tracking-tight\">\r\n        Cronograma del <span class=\"text-[#1300D8]\">Encuentro<\/span>\r\n      <\/h1>\r\n      \r\n      <p class=\"text-sm sm:text-base text-[#64748B] max-w-xl mx-auto font-normal leading-relaxed\">\r\n        Conoc\u00e9 los bloques horarios, las instancias de networking y la conferencia magistral en el <strong class=\"text-[#0F1819] font-semibold\">Parque de Innovaci\u00f3n<\/strong>.\r\n      <\/p>\r\n    <\/header>\r\n\r\n    <!-- Timeline \/ Cronograma Simplificado -->\r\n    <div class=\"relative\">\r\n      <!-- L\u00ednea vertical del timeline -->\r\n      <div class=\"hidden md:block absolute left-[155px] top-6 bottom-6 w-[2px] timeline-track\"><\/div>\r\n\r\n      <div class=\"space-y-5\">\r\n\r\n        <!-- Bloque 1: Acreditaciones y Desayuno -->\r\n        <div class=\"relative group\">\r\n          <div class=\"flex flex-col md:flex-row items-start gap-3 md:gap-7\">\r\n            \r\n            <!-- Columna Horario -->\r\n            <div class=\"w-full md:w-[140px] flex md:flex-col items-center md:items-end justify-between md:justify-start gap-1.5 pt-1.5 flex-shrink-0\">\r\n              <span class=\"text-lg md:text-xl font-bold font-rounded text-[#0F1819] tracking-tight\">\r\n                08:30 <span class=\"text-[#75A9DB] text-sm font-normal\">a<\/span> 09:00\r\n              <\/span>\r\n              <span class=\"text-[11px] font-semibold text-[#1300D8] bg-[#1300D8]\/5 px-2 py-0.5 rounded border border-[#1300D8]\/15\">\r\n                30 MIN\r\n              <\/span>\r\n            <\/div>\r\n\r\n            <!-- Marcador Central -->\r\n            <div class=\"hidden md:flex items-center justify-center w-6 h-6 rounded-full bg-white border-2 border-[#1300D8] shadow-sm z-10 flex-shrink-0 mt-1.5\">\r\n              <div class=\"w-2 h-2 rounded-full bg-[#1300D8]\"><\/div>\r\n            <\/div>\r\n\r\n            <!-- Tarjeta -->\r\n            <div class=\"w-full flex-1 clean-card rounded-xl p-5 sm:p-6 shadow-sm\">\r\n              <div class=\"flex items-center justify-between gap-2 mb-2\">\r\n                <span class=\"inline-flex items-center gap-1.5 px-2.5 py-0.5 rounded-md text-xs font-semibold bg-[#75A9DB]\/15 text-[#1300D8]\">\r\n                  <i class=\"fa-solid fa-mug-hot text-[10px]\"><\/i> Acreditaci\u00f3n & Networking\r\n                <\/span>\r\n                <span class=\"text-xs text-[#64748B] flex items-center gap-1\">\r\n                  <i class=\"fa-regular fa-clock text-[#75A9DB]\"><\/i> 08:30 - 09:00 hs\r\n                <\/span>\r\n              <\/div>\r\n\r\n              <h2 class=\"text-lg sm:text-xl font-bold font-rounded text-[#0F1819] mb-2 group-hover:text-[#1300D8] transition-colors\">\r\n                Acreditaciones y Desayuno de Networking\r\n              <\/h2>\r\n\r\n              <p class=\"text-sm text-[#475569] leading-relaxed font-normal\">\r\n                Espacio exclusivo para fomentar sinergias entre referentes de la industria, autoridades y la comunidad del Parque.\r\n              <\/p>\r\n            <\/div>\r\n\r\n          <\/div>\r\n        <\/div>\r\n\r\n        <!-- Bloque 2: Conferencia Magistral (Destacada) -->\r\n        <div class=\"relative group\">\r\n          <div class=\"flex flex-col md:flex-row items-start gap-3 md:gap-7\">\r\n            \r\n            <!-- Columna Horario -->\r\n            <div class=\"w-full md:w-[140px] flex md:flex-col items-center md:items-end justify-between md:justify-start gap-1.5 pt-1.5 flex-shrink-0\">\r\n              <span class=\"text-lg md:text-xl font-bold font-rounded text-[#1300D8] tracking-tight\">\r\n                09:00 <span class=\"text-[#0F1819] text-sm font-normal\">a<\/span> 10:00\r\n              <\/span>\r\n              <span class=\"text-[11px] font-semibold text-white bg-[#1300D8] px-2 py-0.5 rounded shadow-sm\">\r\n                60 MIN\r\n              <\/span>\r\n            <\/div>\r\n\r\n            <!-- Marcador Central -->\r\n            <div class=\"hidden md:flex items-center justify-center w-6 h-6 rounded-full bg-[#1300D8] border-2 border-[#75A9DB] shadow-sm z-10 flex-shrink-0 mt-1.5\">\r\n              <i class=\"fa-solid fa-star text-[9px] text-white\"><\/i>\r\n            <\/div>\r\n\r\n            <!-- Tarjeta Destacada -->\r\n            <div class=\"w-full flex-1 clean-card rounded-xl p-5 sm:p-6 shadow-sm border-[#1300D8]\/30 bg-gradient-to-br from-white via-white to-[#75A9DB]\/10\">\r\n              <div class=\"flex items-center justify-between gap-2 mb-2\">\r\n                <span class=\"inline-flex items-center gap-1.5 px-2.5 py-0.5 rounded-md text-xs font-bold bg-[#1300D8] text-white\">\r\n                  <i class=\"fa-solid fa-microphone text-[10px]\"><\/i> Conferencia Principal\r\n                <\/span>\r\n                <span class=\"text-xs font-semibold text-[#1300D8] flex items-center gap-1\">\r\n                  <i class=\"fa-regular fa-clock\"><\/i> 09:00 - 10:00 hs\r\n                <\/span>\r\n              <\/div>\r\n\r\n              <h2 class=\"text-lg sm:text-xl font-bold font-rounded text-[#0F1819] mb-2 group-hover:text-[#1300D8] transition-colors\">\r\n                Conferencia Magistral: <span class=\"text-[#1300D8]\">\"Autos Aut\u00f3nomos, Innovaci\u00f3n y Prop\u00f3sito\"<\/span>\r\n              <\/h2>\r\n\r\n              <p class=\"text-sm text-[#334155] leading-relaxed font-normal mb-3\">\r\n                Navon abordar\u00e1 el fen\u00f3meno del ecosistema israel\u00ed (<em>Start-Up Nation<\/em>), el caso de \u00e9xito de Mobileye y el impacto de la Inteligencia Artificial en la toma de decisiones humanas.\r\n              <\/p>\r\n\r\n              <!-- Tags \/ Temas -->\r\n              <div class=\"flex flex-wrap gap-2 pt-3 border-t border-[#E2E8F0]\">\r\n                <span class=\"text-[11px] font-medium px-2.5 py-1 rounded bg-[#F1F5F9] text-[#475569] border border-[#E2E8F0]\">\r\n                  <i class=\"fa-solid fa-car text-[#1300D8] mr-1\"><\/i> Autos Aut\u00f3nomos\r\n                <\/span>\r\n                <span class=\"text-[11px] font-medium px-2.5 py-1 rounded bg-[#F1F5F9] text-[#475569] border border-[#E2E8F0]\">\r\n                  <i class=\"fa-solid fa-brain text-[#1300D8] mr-1\"><\/i> Inteligencia Artificial\r\n                <\/span>\r\n                <span class=\"text-[11px] font-medium px-2.5 py-1 rounded bg-[#F1F5F9] text-[#475569] border border-[#E2E8F0]\">\r\n                  <i class=\"fa-solid fa-rocket text-[#1300D8] mr-1\"><\/i> Start-Up Nation & Mobileye\r\n                <\/span>\r\n              <\/div>\r\n            <\/div>\r\n\r\n          <\/div>\r\n        <\/div>\r\n\r\n        <!-- Bloque 3: Cierre y Relacionamiento -->\r\n        <div class=\"relative group\">\r\n          <div class=\"flex flex-col md:flex-row items-start gap-3 md:gap-7\">\r\n            \r\n            <!-- Columna Horario -->\r\n            <div class=\"w-full md:w-[140px] flex md:flex-col items-center md:items-end justify-between md:justify-start gap-1.5 pt-1.5 flex-shrink-0\">\r\n              <span class=\"text-lg md:text-xl font-bold font-rounded text-[#0F1819] tracking-tight\">\r\n                10:00 <span class=\"text-[#75A9DB] text-sm font-normal\">a<\/span> 11:00\r\n              <\/span>\r\n              <span class=\"text-[11px] font-semibold text-[#1300D8] bg-[#1300D8]\/5 px-2 py-0.5 rounded border border-[#1300D8]\/15\">\r\n                60 MIN\r\n              <\/span>\r\n            <\/div>\r\n\r\n            <!-- Marcador Central -->\r\n            <div class=\"hidden md:flex items-center justify-center w-6 h-6 rounded-full bg-white border-2 border-[#75A9DB] shadow-sm z-10 flex-shrink-0 mt-1.5\">\r\n              <div class=\"w-2 h-2 rounded-full bg-[#75A9DB]\"><\/div>\r\n            <\/div>\r\n\r\n            <!-- Tarjeta -->\r\n            <div class=\"w-full flex-1 clean-card rounded-xl p-5 sm:p-6 shadow-sm\">\r\n              <div class=\"flex items-center justify-between gap-2 mb-2\">\r\n                <span class=\"inline-flex items-center gap-1.5 px-2.5 py-0.5 rounded-md text-xs font-semibold bg-[#75A9DB]\/15 text-[#1300D8]\">\r\n                  <i class=\"fa-solid fa-handshake text-[10px]\"><\/i> Cierre & Sinergia\r\n                <\/span>\r\n                <span class=\"text-xs text-[#64748B] flex items-center gap-1\">\r\n                  <i class=\"fa-regular fa-clock text-[#75A9DB]\"><\/i> 10:00 - 11:00 hs\r\n                <\/span>\r\n              <\/div>\r\n\r\n              <h2 class=\"text-lg sm:text-xl font-bold font-rounded text-[#0F1819] mb-2 group-hover:text-[#1300D8] transition-colors\">\r\n                Cierre y Espacio de Relacionamiento\r\n              <\/h2>\r\n\r\n              <p class=\"text-sm text-[#475569] leading-relaxed font-normal\">\r\n                Instancia de intercambio para explorar proyectos colaborativos y vinculaciones estrat\u00e9gicas.\r\n              <\/p>\r\n            <\/div>\r\n\r\n          <\/div>\r\n        <\/div>\r\n\r\n      <\/div>\r\n    <\/div>\r\n\r\n    <!-- Barra Inferior \/ Ubicaci\u00f3n -->\r\n    <footer class=\"mt-8 pt-5 border-t border-[#E2E8F0] flex flex-col sm:flex-row items-center justify-between gap-4 text-xs text-[#64748B]\">\r\n      <div class=\"flex items-center gap-2\">\r\n        <i class=\"fa-solid fa-location-dot text-[#1300D8]\"><\/i>\r\n        <span><strong>Lugar:<\/strong> Parque de Innovaci\u00f3n, Ciudad de Buenos Aires<\/span>\r\n      <\/div>\r\n\r\n      <button onclick=\"window.print()\" class=\"px-4 py-2 rounded-lg bg-[#F8FAFC] hover:bg-[#F1F5F9] text-[#0F1819] border border-[#CBD5E1] font-semibold font-rounded transition-colors flex items-center gap-1.5\">\r\n        <i class=\"fa-solid fa-print text-[#1300D8]\"><\/i> Imprimir Agenda\r\n      <\/button>\r\n    <\/footer>\r\n\r\n  <\/div>\r\n\r\n<\/body>\r\n<\/html>\t\t\t\t<\/div>\n\t\t\t\t<\/div>\n\t\t\n<\/div>\n<div class=\"elementor-element elementor-element-4146059 e-con e-atomic-element e-flexbox-base e-5575f50 \" data-id=\"4146059\" data-element_type=\"e-flexbox\" data-e-type=\"e-flexbox\" data-interaction-id=\"4146059\">\n    \t\t<div class=\"elementor-element elementor-element-6c4c4b1 elementor-widget elementor-widget-spacer\" data-id=\"6c4c4b1\" data-element_type=\"widget\" data-e-type=\"widget\" data-widget_type=\"spacer.default\">\n\t\t\t\t<div class=\"elementor-widget-container\">\n\t\t\t\t\t\t\t<div class=\"elementor-spacer\">\n\t\t\t<div class=\"elementor-spacer-inner\"><\/div>\n\t\t<\/div>\n\t\t\t\t\t\t<\/div>\n\t\t\t\t<\/div>\n\t\t\n<\/div>\n<div class=\"elementor-element elementor-element-45bb68c e-con e-atomic-element e-flexbox-base \" data-id=\"45bb68c\" data-element_type=\"e-flexbox\" data-e-type=\"e-flexbox\" data-interaction-id=\"45bb68c\">\n    \t\t\t<h2 data-interaction-id=\"7682a17\" class=\"e-7682a17-e7af117 e-heading-base\">Innovaci\u00f3n con prop\u00f3sito y reflexi\u00f3n \u00e9tica<\/h2>\n\t\t\n<\/div>\n<div class=\"elementor-element elementor-element-5766823 e-con e-atomic-element e-flexbox-base \" data-id=\"5766823\" data-element_type=\"e-flexbox\" data-e-type=\"e-flexbox\" data-interaction-id=\"5766823\">\n    \t\t\t<p class=\"e-paragraph-base\" data-interaction-id=\"f2f5c11\">Adem\u00e1s de su destacada trayectoria t\u00e9cnica en la industria de la movilidad aut\u00f3noma, Mois Navon se ha consolidado en los \u00faltimos a\u00f1os como un pensador clave en la intersecci\u00f3n entre tecnolog\u00eda y filosof\u00eda. En sus recientes presentaciones, advierte sobre los riesgos del uso acr\u00edtico de la Inteligencia Artificial y la automatizaci\u00f3n excesiva, remarcando la importancia de preservar el pensamiento cr\u00edtico humano y el prop\u00f3sito en cada desarrollo tecnol\u00f3gico.<\/p>\n\t\t\n<\/div>\n<div class=\"elementor-element elementor-element-be53566 e-con e-atomic-element e-flexbox-base e-41ef15f \" data-id=\"be53566\" data-element_type=\"e-flexbox\" data-e-type=\"e-flexbox\" data-interaction-id=\"be53566\">\n    \t\t\t<img fetchpriority=\"high\" decoding=\"async\" class=\"e-image-base \" data-interaction-id=\"39ac171\" id=\"14529\" src=\"https:\/\/parqueinnovacionba.com\/wp-content\/uploads\/2026\/08\/MOIS-NAVON-.png\" width=\"1920\" height=\"1080\" srcset=\"https:\/\/parqueinnovacionba.com\/wp-content\/uploads\/2026\/08\/MOIS-NAVON-.png 1920w, https:\/\/parqueinnovacionba.com\/wp-content\/uploads\/2026\/08\/MOIS-NAVON--300x169.png 300w, https:\/\/parqueinnovacionba.com\/wp-content\/uploads\/2026\/08\/MOIS-NAVON--1024x576.png 1024w, https:\/\/parqueinnovacionba.com\/wp-content\/uploads\/2026\/08\/MOIS-NAVON--768x432.png 768w, https:\/\/parqueinnovacionba.com\/wp-content\/uploads\/2026\/08\/MOIS-NAVON--1536x864.png 1536w, https:\/\/parqueinnovacionba.com\/wp-content\/uploads\/2026\/08\/MOIS-NAVON--18x10.png 18w\" alt=\"\"\/>\t\t\n<\/div>\n\t\t<\/div>\n\t\t","protected":false},"excerpt":{"rendered":"<p>Mo\u00eds Navon llega al Parque de Innovaci\u00f3n para brindar una conferencia magistral sobre autos aut\u00f3nomos, Inteligencia Artificial y \u00e9tica tecnol\u00f3gica.<\/p>","protected":false},"author":1,"featured_media":14535,"comment_status":"closed","ping_status":"open","sticky":false,"template":"","format":"standard","meta":{"_acf_changed":false,"inline_featured_image":false,"site-sidebar-layout":"default","site-content-layout":"","ast-site-content-layout":"default","site-content-style":"default","site-sidebar-style":"default","ast-global-header-display":"","ast-banner-title-visibility":"","ast-main-header-display":"","ast-hfb-above-header-display":"","ast-hfb-below-header-display":"","ast-hfb-mobile-header-display":"","site-post-title":"","ast-breadcrumbs-content":"","ast-featured-img":"","footer-sml-layout":"","ast-disable-related-posts":"","theme-transparent-header-meta":"","adv-header-id-meta":"","stick-header-meta":"","header-above-stick-meta":"","header-main-stick-meta":"","header-below-stick-meta":"","astra-migrate-meta-layouts":"set","ast-page-background-enabled":"default","ast-page-background-meta":{"desktop":{"background-color":"var(--ast-global-color-4)","background-image":"","background-repeat":"repeat","background-position":"center center","background-size":"auto","background-attachment":"scroll","background-type":"","background-media":"","overlay-type":"","overlay-color":"","overlay-opacity":"","overlay-gradient":""},"tablet":{"background-color":"","background-image":"","background-repeat":"repeat","background-position":"center center","background-size":"auto","background-attachment":"scroll","background-type":"","background-media":"","overlay-type":"","overlay-color":"","overlay-opacity":"","overlay-gradient":""},"mobile":{"background-color":"","background-image":"","background-repeat":"repeat","background-position":"center center","background-size":"auto","background-attachment":"scroll","background-type":"","background-media":"","overlay-type":"","overlay-color":"","overlay-opacity":"","overlay-gradient":""}},"ast-content-background-meta":{"desktop":{"background-color":"var(--ast-global-color-5)","background-image":"","background-repeat":"repeat","background-position":"center center","background-size":"auto","background-attachment":"scroll","background-type":"","background-media":"","overlay-type":"","overlay-color":"","overlay-opacity":"","overlay-gradient":""},"tablet":{"background-color":"var(--ast-global-color-5)","background-image":"","background-repeat":"repeat","background-position":"center center","background-size":"auto","background-attachment":"scroll","background-type":"","background-media":"","overlay-type":"","overlay-color":"","overlay-opacity":"","overlay-gradient":""},"mobile":{"background-color":"var(--ast-global-color-5)","background-image":"","background-repeat":"repeat","background-position":"center center","background-size":"auto","background-attachment":"scroll","background-type":"","background-media":"","overlay-type":"","overlay-color":"","overlay-opacity":"","overlay-gradient":""}},"footnotes":""},"categories":[1,7,8],"tags":[180,23,182,181,179,29,24,58],"class_list":["post-14521","post","type-post","status-publish","format-standard","has-post-thumbnail","hentry","category-blog","category-eventos","category-noticias","tag-autos-autonomos","tag-ciencia","tag-etica-tecnologica","tag-inteligencia-artifical","tag-mois-navon","tag-parque-de-innovacion","tag-tecnologia","tag-yamil-santoro"],"acf":[],"yoast_head":"<!-- This site is optimized with the Yoast SEO plugin v28.3 - https:\/\/yoast.com\/product\/yoast-seo-wordpress\/ -->\n<title>Mois Navon llega al Parque de Innovaci\u00f3n para disertar sobre autos aut\u00f3nomos, inteligencia artificial y \u00e9tica tecnol\u00f3gica. - Parque de Innovacion de la Ciudad de Buenos Aires<\/title>\n<meta name=\"description\" content=\"Mo\u00eds Navon llega al Pi para brindar una conferencia magistral sobre autos aut\u00f3nomos, Inteligencia Artificial y \u00e9tica tecnol\u00f3gica.\" \/>\n<meta name=\"robots\" content=\"index, follow, max-snippet:-1, max-image-preview:large, max-video-preview:-1\" \/>\n<link rel=\"canonical\" href=\"https:\/\/parqueinnovacionba.com\/en\/mois-navon-llega-pi\/\" \/>\n<meta property=\"og:locale\" content=\"en_US\" \/>\n<meta property=\"og:type\" content=\"article\" \/>\n<meta property=\"og:title\" content=\"Mois Navon llega al Parque de Innovaci\u00f3n para disertar sobre autos aut\u00f3nomos, inteligencia artificial y \u00e9tica tecnol\u00f3gica. - Parque de Innovacion de la Ciudad de Buenos Aires\" \/>\n<meta property=\"og:description\" content=\"Mo\u00eds Navon llega al Pi para brindar una conferencia magistral sobre autos aut\u00f3nomos, Inteligencia Artificial y \u00e9tica tecnol\u00f3gica.\" \/>\n<meta property=\"og:url\" content=\"https:\/\/parqueinnovacionba.com\/en\/mois-navon-llega-pi\/\" \/>\n<meta property=\"og:site_name\" content=\"Parque de Innovacion de la Ciudad de Buenos Aires\" \/>\n<meta property=\"article:published_time\" content=\"2026-08-31T12:43:30+00:00\" \/>\n<meta property=\"article:modified_time\" content=\"2026-08-31T17:43:48+00:00\" \/>\n<meta property=\"og:image\" content=\"https:\/\/parqueinnovacionba.com\/wp-content\/uploads\/2026\/08\/MOIS-NAVON-1-1-1024x576.png\" \/>\n\t<meta property=\"og:image:width\" content=\"1024\" \/>\n\t<meta property=\"og:image:height\" content=\"576\" \/>\n\t<meta property=\"og:image:type\" content=\"image\/png\" \/>\n<meta name=\"author\" content=\"ParqueInnovacion\" \/>\n<meta name=\"twitter:card\" content=\"summary_large_image\" \/>\n<meta name=\"twitter:label1\" content=\"Written by\" \/>\n\t<meta name=\"twitter:data1\" content=\"ParqueInnovacion\" \/>\n\t<meta name=\"twitter:label2\" content=\"Est. reading time\" \/>\n\t<meta name=\"twitter:data2\" content=\"2 minutes\" \/>\n<script type=\"application\/ld+json\" class=\"yoast-schema-graph\">{\"@context\":\"https:\\\/\\\/schema.org\",\"@graph\":[{\"@type\":\"Article\",\"@id\":\"https:\\\/\\\/parqueinnovacionba.com\\\/mois-navon-llega-pi\\\/#article\",\"isPartOf\":{\"@id\":\"https:\\\/\\\/parqueinnovacionba.com\\\/mois-navon-llega-pi\\\/\"},\"author\":{\"name\":\"ParqueInnovacion\",\"@id\":\"https:\\\/\\\/parqueinnovacionba.com\\\/#\\\/schema\\\/person\\\/946274befc542949eb6d4498d809783a\"},\"headline\":\"Mois Navon llega al Parque de Innovaci\u00f3n para disertar sobre autos aut\u00f3nomos, inteligencia artificial y \u00e9tica tecnol\u00f3gica.\",\"datePublished\":\"2026-08-31T12:43:30+00:00\",\"dateModified\":\"2026-08-31T17:43:48+00:00\",\"mainEntityOfPage\":{\"@id\":\"https:\\\/\\\/parqueinnovacionba.com\\\/mois-navon-llega-pi\\\/\"},\"wordCount\":348,\"publisher\":{\"@id\":\"https:\\\/\\\/parqueinnovacionba.com\\\/#organization\"},\"image\":{\"@id\":\"https:\\\/\\\/parqueinnovacionba.com\\\/mois-navon-llega-pi\\\/#primaryimage\"},\"thumbnailUrl\":\"https:\\\/\\\/parqueinnovacionba.com\\\/wp-content\\\/uploads\\\/2026\\\/08\\\/MOIS-NAVON-1-1.png\",\"keywords\":[\"autos autonomos\",\"ciencia\",\"\u00e9tica tecnol\u00f3gica\",\"inteligencia artifical\",\"Mois Navon\",\"parque de innovaci\u00f3n\",\"tecnolog\u00eda\",\"yamil santoro\"],\"articleSection\":[\"Blog\",\"Eventos\",\"Noticias\"],\"inLanguage\":\"en-US\"},{\"@type\":\"WebPage\",\"@id\":\"https:\\\/\\\/parqueinnovacionba.com\\\/mois-navon-llega-pi\\\/\",\"url\":\"https:\\\/\\\/parqueinnovacionba.com\\\/mois-navon-llega-pi\\\/\",\"name\":\"Mois Navon llega al Parque de Innovaci\u00f3n para disertar sobre autos aut\u00f3nomos, inteligencia artificial y \u00e9tica tecnol\u00f3gica. - Parque de Innovacion de la Ciudad de Buenos Aires\",\"isPartOf\":{\"@id\":\"https:\\\/\\\/parqueinnovacionba.com\\\/#website\"},\"primaryImageOfPage\":{\"@id\":\"https:\\\/\\\/parqueinnovacionba.com\\\/mois-navon-llega-pi\\\/#primaryimage\"},\"image\":{\"@id\":\"https:\\\/\\\/parqueinnovacionba.com\\\/mois-navon-llega-pi\\\/#primaryimage\"},\"thumbnailUrl\":\"https:\\\/\\\/parqueinnovacionba.com\\\/wp-content\\\/uploads\\\/2026\\\/08\\\/MOIS-NAVON-1-1.png\",\"datePublished\":\"2026-08-31T12:43:30+00:00\",\"dateModified\":\"2026-08-31T17:43:48+00:00\",\"description\":\"Mo\u00eds Navon llega al Pi para brindar una conferencia magistral sobre autos aut\u00f3nomos, Inteligencia Artificial y \u00e9tica tecnol\u00f3gica.\",\"breadcrumb\":{\"@id\":\"https:\\\/\\\/parqueinnovacionba.com\\\/mois-navon-llega-pi\\\/#breadcrumb\"},\"inLanguage\":\"en-US\",\"potentialAction\":[{\"@type\":\"ReadAction\",\"target\":[\"https:\\\/\\\/parqueinnovacionba.com\\\/mois-navon-llega-pi\\\/\"]}]},{\"@type\":\"ImageObject\",\"inLanguage\":\"en-US\",\"@id\":\"https:\\\/\\\/parqueinnovacionba.com\\\/mois-navon-llega-pi\\\/#primaryimage\",\"url\":\"https:\\\/\\\/parqueinnovacionba.com\\\/wp-content\\\/uploads\\\/2026\\\/08\\\/MOIS-NAVON-1-1.png\",\"contentUrl\":\"https:\\\/\\\/parqueinnovacionba.com\\\/wp-content\\\/uploads\\\/2026\\\/08\\\/MOIS-NAVON-1-1.png\",\"width\":1920,\"height\":1080},{\"@type\":\"BreadcrumbList\",\"@id\":\"https:\\\/\\\/parqueinnovacionba.com\\\/mois-navon-llega-pi\\\/#breadcrumb\",\"itemListElement\":[{\"@type\":\"ListItem\",\"position\":1,\"name\":\"Home\",\"item\":\"https:\\\/\\\/parqueinnovacionba.com\\\/\"},{\"@type\":\"ListItem\",\"position\":2,\"name\":\"Mois Navon llega al Parque de Innovaci\u00f3n para disertar sobre autos aut\u00f3nomos, inteligencia artificial y \u00e9tica tecnol\u00f3gica.\"}]},{\"@type\":\"WebSite\",\"@id\":\"https:\\\/\\\/parqueinnovacionba.com\\\/#website\",\"url\":\"https:\\\/\\\/parqueinnovacionba.com\\\/\",\"name\":\"Parque de Innovacion\",\"description\":\"\",\"publisher\":{\"@id\":\"https:\\\/\\\/parqueinnovacionba.com\\\/#organization\"},\"potentialAction\":[{\"@type\":\"SearchAction\",\"target\":{\"@type\":\"EntryPoint\",\"urlTemplate\":\"https:\\\/\\\/parqueinnovacionba.com\\\/?s={search_term_string}\"},\"query-input\":{\"@type\":\"PropertyValueSpecification\",\"valueRequired\":true,\"valueName\":\"search_term_string\"}}],\"inLanguage\":\"en-US\"},{\"@type\":\"Organization\",\"@id\":\"https:\\\/\\\/parqueinnovacionba.com\\\/#organization\",\"name\":\"Parque de Innovacion\",\"url\":\"https:\\\/\\\/parqueinnovacionba.com\\\/\",\"logo\":{\"@type\":\"ImageObject\",\"inLanguage\":\"en-US\",\"@id\":\"https:\\\/\\\/parqueinnovacionba.com\\\/#\\\/schema\\\/logo\\\/image\\\/\",\"url\":\"https:\\\/\\\/parqueinnovacionba.com\\\/wp-content\\\/uploads\\\/2024\\\/08\\\/logo-pi.svg\",\"contentUrl\":\"https:\\\/\\\/parqueinnovacionba.com\\\/wp-content\\\/uploads\\\/2024\\\/08\\\/logo-pi.svg\",\"width\":141,\"height\":85,\"caption\":\"Parque de Innovacion\"},\"image\":{\"@id\":\"https:\\\/\\\/parqueinnovacionba.com\\\/#\\\/schema\\\/logo\\\/image\\\/\"}},{\"@type\":\"Person\",\"@id\":\"https:\\\/\\\/parqueinnovacionba.com\\\/#\\\/schema\\\/person\\\/946274befc542949eb6d4498d809783a\",\"name\":\"ParqueInnovacion\",\"sameAs\":[\"https:\\\/\\\/parqueinnovacionba.com\"],\"url\":\"https:\\\/\\\/parqueinnovacionba.com\\\/en\\\/author\\\/parqueinnovacion\\\/\"}]}<\/script>\n<!-- \/ Yoast SEO plugin. -->","yoast_head_json":{"title":"Mois Navon llega al Parque de Innovaci\u00f3n para disertar sobre autos aut\u00f3nomos, inteligencia artificial y \u00e9tica tecnol\u00f3gica. - Parque de Innovacion de la Ciudad de Buenos Aires","description":"Mo\u00eds Navon llega al Pi para brindar una conferencia magistral sobre autos aut\u00f3nomos, Inteligencia Artificial y \u00e9tica tecnol\u00f3gica.","robots":{"index":"index","follow":"follow","max-snippet":"max-snippet:-1","max-image-preview":"max-image-preview:large","max-video-preview":"max-video-preview:-1"},"canonical":"https:\/\/parqueinnovacionba.com\/en\/mois-navon-llega-pi\/","og_locale":"en_US","og_type":"article","og_title":"Mois Navon llega al Parque de Innovaci\u00f3n para disertar sobre autos aut\u00f3nomos, inteligencia artificial y \u00e9tica tecnol\u00f3gica. - Parque de Innovacion de la Ciudad de Buenos Aires","og_description":"Mo\u00eds Navon llega al Pi para brindar una conferencia magistral sobre autos aut\u00f3nomos, Inteligencia Artificial y \u00e9tica tecnol\u00f3gica.","og_url":"https:\/\/parqueinnovacionba.com\/en\/mois-navon-llega-pi\/","og_site_name":"Parque de Innovacion de la Ciudad de Buenos Aires","article_published_time":"2026-08-31T12:43:30+00:00","article_modified_time":"2026-08-31T17:43:48+00:00","og_image":[{"width":1024,"height":576,"url":"https:\/\/parqueinnovacionba.com\/wp-content\/uploads\/2026\/08\/MOIS-NAVON-1-1-1024x576.png","type":"image\/png"}],"author":"ParqueInnovacion","twitter_card":"summary_large_image","twitter_misc":{"Written by":"ParqueInnovacion","Est. reading time":"2 minutes"},"schema":{"@context":"https:\/\/schema.org","@graph":[{"@type":"Article","@id":"https:\/\/parqueinnovacionba.com\/mois-navon-llega-pi\/#article","isPartOf":{"@id":"https:\/\/parqueinnovacionba.com\/mois-navon-llega-pi\/"},"author":{"name":"ParqueInnovacion","@id":"https:\/\/parqueinnovacionba.com\/#\/schema\/person\/946274befc542949eb6d4498d809783a"},"headline":"Mois Navon llega al Parque de Innovaci\u00f3n para disertar sobre autos aut\u00f3nomos, inteligencia artificial y \u00e9tica tecnol\u00f3gica.","datePublished":"2026-08-31T12:43:30+00:00","dateModified":"2026-08-31T17:43:48+00:00","mainEntityOfPage":{"@id":"https:\/\/parqueinnovacionba.com\/mois-navon-llega-pi\/"},"wordCount":348,"publisher":{"@id":"https:\/\/parqueinnovacionba.com\/#organization"},"image":{"@id":"https:\/\/parqueinnovacionba.com\/mois-navon-llega-pi\/#primaryimage"},"thumbnailUrl":"https:\/\/parqueinnovacionba.com\/wp-content\/uploads\/2026\/08\/MOIS-NAVON-1-1.png","keywords":["autos autonomos","ciencia","\u00e9tica tecnol\u00f3gica","inteligencia artifical","Mois Navon","parque de innovaci\u00f3n","tecnolog\u00eda","yamil santoro"],"articleSection":["Blog","Eventos","Noticias"],"inLanguage":"en-US"},{"@type":"WebPage","@id":"https:\/\/parqueinnovacionba.com\/mois-navon-llega-pi\/","url":"https:\/\/parqueinnovacionba.com\/mois-navon-llega-pi\/","name":"Mois Navon llega al Parque de Innovaci\u00f3n para disertar sobre autos aut\u00f3nomos, inteligencia artificial y \u00e9tica tecnol\u00f3gica. - Parque de Innovacion de la Ciudad de Buenos Aires","isPartOf":{"@id":"https:\/\/parqueinnovacionba.com\/#website"},"primaryImageOfPage":{"@id":"https:\/\/parqueinnovacionba.com\/mois-navon-llega-pi\/#primaryimage"},"image":{"@id":"https:\/\/parqueinnovacionba.com\/mois-navon-llega-pi\/#primaryimage"},"thumbnailUrl":"https:\/\/parqueinnovacionba.com\/wp-content\/uploads\/2026\/08\/MOIS-NAVON-1-1.png","datePublished":"2026-08-31T12:43:30+00:00","dateModified":"2026-08-31T17:43:48+00:00","description":"Mo\u00eds Navon llega al Pi para brindar una conferencia magistral sobre autos aut\u00f3nomos, Inteligencia Artificial y \u00e9tica tecnol\u00f3gica.","breadcrumb":{"@id":"https:\/\/parqueinnovacionba.com\/mois-navon-llega-pi\/#breadcrumb"},"inLanguage":"en-US","potentialAction":[{"@type":"ReadAction","target":["https:\/\/parqueinnovacionba.com\/mois-navon-llega-pi\/"]}]},{"@type":"ImageObject","inLanguage":"en-US","@id":"https:\/\/parqueinnovacionba.com\/mois-navon-llega-pi\/#primaryimage","url":"https:\/\/parqueinnovacionba.com\/wp-content\/uploads\/2026\/08\/MOIS-NAVON-1-1.png","contentUrl":"https:\/\/parqueinnovacionba.com\/wp-content\/uploads\/2026\/08\/MOIS-NAVON-1-1.png","width":1920,"height":1080},{"@type":"BreadcrumbList","@id":"https:\/\/parqueinnovacionba.com\/mois-navon-llega-pi\/#breadcrumb","itemListElement":[{"@type":"ListItem","position":1,"name":"Home","item":"https:\/\/parqueinnovacionba.com\/"},{"@type":"ListItem","position":2,"name":"Mois Navon llega al Parque de Innovaci\u00f3n para disertar sobre autos aut\u00f3nomos, inteligencia artificial y \u00e9tica tecnol\u00f3gica."}]},{"@type":"WebSite","@id":"https:\/\/parqueinnovacionba.com\/#website","url":"https:\/\/parqueinnovacionba.com\/","name":"Parque de Innovacion","description":"","publisher":{"@id":"https:\/\/parqueinnovacionba.com\/#organization"},"potentialAction":[{"@type":"SearchAction","target":{"@type":"EntryPoint","urlTemplate":"https:\/\/parqueinnovacionba.com\/?s={search_term_string}"},"query-input":{"@type":"PropertyValueSpecification","valueRequired":true,"valueName":"search_term_string"}}],"inLanguage":"en-US"},{"@type":"Organization","@id":"https:\/\/parqueinnovacionba.com\/#organization","name":"Parque de Innovacion","url":"https:\/\/parqueinnovacionba.com\/","logo":{"@type":"ImageObject","inLanguage":"en-US","@id":"https:\/\/parqueinnovacionba.com\/#\/schema\/logo\/image\/","url":"https:\/\/parqueinnovacionba.com\/wp-content\/uploads\/2024\/08\/logo-pi.svg","contentUrl":"https:\/\/parqueinnovacionba.com\/wp-content\/uploads\/2024\/08\/logo-pi.svg","width":141,"height":85,"caption":"Parque de Innovacion"},"image":{"@id":"https:\/\/parqueinnovacionba.com\/#\/schema\/logo\/image\/"}},{"@type":"Person","@id":"https:\/\/parqueinnovacionba.com\/#\/schema\/person\/946274befc542949eb6d4498d809783a","name":"ParqueInnovacion","sameAs":["https:\/\/parqueinnovacionba.com"],"url":"https:\/\/parqueinnovacionba.com\/en\/author\/parqueinnovacion\/"}]}},"_links":{"self":[{"href":"https:\/\/parqueinnovacionba.com\/en\/wp-json\/wp\/v2\/posts\/14521","targetHints":{"allow":["GET"]}}],"collection":[{"href":"https:\/\/parqueinnovacionba.com\/en\/wp-json\/wp\/v2\/posts"}],"about":[{"href":"https:\/\/parqueinnovacionba.com\/en\/wp-json\/wp\/v2\/types\/post"}],"author":[{"embeddable":true,"href":"https:\/\/parqueinnovacionba.com\/en\/wp-json\/wp\/v2\/users\/1"}],"replies":[{"embeddable":true,"href":"https:\/\/parqueinnovacionba.com\/en\/wp-json\/wp\/v2\/comments?post=14521"}],"version-history":[{"count":11,"href":"https:\/\/parqueinnovacionba.com\/en\/wp-json\/wp\/v2\/posts\/14521\/revisions"}],"predecessor-version":[{"id":14538,"href":"https:\/\/parqueinnovacionba.com\/en\/wp-json\/wp\/v2\/posts\/14521\/revisions\/14538"}],"wp:featuredmedia":[{"embeddable":true,"href":"https:\/\/parqueinnovacionba.com\/en\/wp-json\/wp\/v2\/media\/14535"}],"wp:attachment":[{"href":"https:\/\/parqueinnovacionba.com\/en\/wp-json\/wp\/v2\/media?parent=14521"}],"wp:term":[{"taxonomy":"category","embeddable":true,"href":"https:\/\/parqueinnovacionba.com\/en\/wp-json\/wp\/v2\/categories?post=14521"},{"taxonomy":"post_tag","embeddable":true,"href":"https:\/\/parqueinnovacionba.com\/en\/wp-json\/wp\/v2\/tags?post=14521"}],"curies":[{"name":"wp","href":"https:\/\/api.w.org\/{rel}","templated":true}]}}